{"id":6984,"date":"2019-01-23T14:57:26","date_gmt":"2019-01-23T13:57:26","guid":{"rendered":"https:\/\/n365group.com\/?p=6984"},"modified":"2019-02-15T15:30:50","modified_gmt":"2019-02-15T14:30:50","slug":"nyheter365-far-ny-ledning","status":"publish","type":"post","link":"https:\/\/n365group.com\/no\/svenska-nyheter\/nyheter365-far-ny-ledning\/","title":{"rendered":"nyheter365 f\u00e5r ny ledning"},"content":{"rendered":"<div id=\"fws_69edfa3b64256\"  data-midnight=\"dark\"  data-bg-mobile-hidden=\"\" class=\"wpb_row vc_row-fluid vc_row top-level standard_section\"  style=\"padding-top: 0px; padding-bottom: 0px; \"><div class=\"row-bg-wrap\"><div class=\"inner-wrap\"><div class=\"row-bg\"  style=\"\"><\/div><\/div><div class=\"row-bg-overlay\" ><\/div><\/div><div class=\"col span_12 dark left\">\n\t<div  class=\"vc_col-sm-12 wpb_column column_container vc_column_container col no-extra-padding\"  data-t-w-inherits=\"default\" data-border-radius=\"none\" data-shadow=\"none\" data-border-animation=\"\" data-border-animation-delay=\"\" data-border-width=\"none\" data-border-style=\"solid\" data-border-color=\"\" data-bg-cover=\"\" data-padding-pos=\"all\" data-has-bg-color=\"false\" data-bg-color=\"\" data-bg-opacity=\"1\" data-hover-bg=\"\" data-hover-bg-opacity=\"1\" data-animation=\"\" data-delay=\"0\"><div class=\"column-bg-overlay\"><\/div>\n\t\t<div class=\"vc_column-inner\">\n\t\t\t<div class=\"wpb_wrapper\">\n\t\t\t\t\r\n\t<div class=\"wpb_text_column wpb_content_element\" >\r\n\t\t<div class=\"wpb_wrapper\">\r\n\t\t\t<h5>nyheter365 omorganiserar ledningen. Jonna S\u00e4ll Klintberg, tidigare general manager, blir ny VD f\u00f6r nyheter365 och Christian Str\u00f6m, publisher p\u00e5 Newsner, f\u00e5r helhetsansvar f\u00f6r mediehuset Newsner. I samband med omorganisationen l\u00e4mnar Johan Rikner, grundare och tidigare VD, f\u00f6retaget.<\/h5>\n<p>\u2013 Vi som f\u00f6retag k\u00e4nner s\u00e5klart en stor tacksamhet f\u00f6r det otroliga jobb Johan har lagt ner under alla \u00e5r med nyheter365. Det k\u00e4nns vemodigt att han g\u00e5r vidare men samtidigt har vi full f\u00f6rst\u00e5else f\u00f6r att han \u00e4r sugen p\u00e5 nya utmaningar och \u00f6nskar honom stort lycka till i framtiden, s\u00e4ger\u00a0<strong>Jonna S\u00e4ll Klintberg<\/strong>, VD, nyheter365.<\/p>\n<p>B\u00e5de Jonna S\u00e4ll och\u00a0<strong>Christian Str\u00f6m<\/strong>\u00a0b\u00f6rjade som redakt\u00f6rer p\u00e5 nyheter365 och har under \u00e5rens lopp haft flera betydande roller inom f\u00f6retaget.<\/p>\n<p>\u2013 Bland det roligaste under tiden med nyheter365 har varit att se s\u00e5 m\u00e5nga duktiga personer utvecklas och bli riktiga superstj\u00e4rnor. Just d\u00e4rf\u00f6r k\u00e4nns det tryggt och enkelt att l\u00e4mna \u00f6ver. Jonna och Christian \u00e4r perfekta f\u00f6r sina positioner och jag \u00e4r \u00f6vertygad om att nyheter365 kommer forts\u00e4tta att \u00f6verraska och bryta ny mark, s\u00e4ger\u00a0<strong>Johan Rikner<\/strong>.<\/p>\n<p>Den nya organisationen inneb\u00e4r att <strong>nyheter365<\/strong> delar upp sina huvudsysslor i tv\u00e5 aff\u00e4rsomr\u00e5den. Contentbyr\u00e5n\u00a0nyheter365\u00a0och mediehuset\u00a0<strong>Newsner<\/strong>.<\/p>\n<p>\u2013 Just nu \u00e4r en v\u00e4ldigt sp\u00e4nnande tid att ta \u00f6ver stafettpinnen f\u00f6r nyheter365. Vi ser att efterfr\u00e5gan av v\u00e5rt erbjudande med alltifr\u00e5n datadriven native advertising till st\u00f6rre tvc-produktioner v\u00e4xer b\u00e5de i Sverige och p\u00e5 v\u00e5ra \u00f6vriga marknader och vi blev nyligen nominerade till \u00e5rets contentbyr\u00e5, s\u00e4ger Jonna S\u00e4ll Klintberg.<\/p>\n<p>Newsner blev nyligen utsedda till Sveriges\u00a0st\u00f6rsta publicist p\u00e5 Facebook\u00a0f\u00f6r andra \u00e5ret i rad enligt en unders\u00f6kning\u00a0<strong>Ezyinsights<\/strong>, som st\u00e5r bakom SoMe-index, gjort.<\/p>\n<p>\u2013\u00a0 Det \u00e4r otroligt kul att se att det h\u00e5rda arbete som v\u00e5ra redakt\u00f6rer l\u00e4gger ner skapar resultat. V\u00e5rt uppdrag nu \u00e4r egentligen bara att forts\u00e4tta g\u00f6ra det vi g\u00f6r b\u00e4st \u2013 skapa inneh\u00e5ll som engagerar det svenska folket, s\u00e4ger Christian Str\u00f6m.<\/p>\n\r\n\t\t<\/div>\r\n\t<\/div>\r\n\n\t\t\t<\/div> \n\t\t<\/div>\n\t<\/div> \n<\/div><\/div>","protected":false},"excerpt":{"rendered":"nyheter365 omorganiserar ledningen. Jonna S\u00e4ll Klintberg, tidigare general manager, blir ny VD f\u00f6r nyheter365 och Christian Str\u00f6m, publisher p\u00e5 Newsner, f\u00e5r helhetsansvar f\u00f6r mediehuset Newsner. I samband med omorganisationen l\u00e4mnar...","protected":false},"author":18,"featured_media":6985,"comment_status":"closed","ping_status":"closed","sticky":false,"template":"","format":"standard","meta":{"inline_featured_image":false,"footnotes":""},"categories":[412],"tags":[],"class_list":{"0":"post-6984","1":"post","2":"type-post","3":"status-publish","4":"format-standard","5":"has-post-thumbnail","7":"category-svenska-nyheter"},"yoast_head":"<!-- This site is optimized with the Yoast SEO Premium plugin v26.5 (Yoast SEO v27.4) - https:\/\/yoast.com\/product\/yoast-seo-premium-wordpress\/ -->\n<title>nyheter365 f\u00e5r ny ledning - N365 Group<\/title>\n<meta name=\"robots\" content=\"index, follow, max-snippet:-1, max-image-preview:large, max-video-preview:-1\" \/>\n<link rel=\"canonical\" href=\"https:\/\/n365group.com\/no\/svenska-nyheter\/nyheter365-far-ny-ledning\/\" \/>\n<meta property=\"og:locale\" content=\"nb_NO\" \/>\n<meta property=\"og:type\" content=\"article\" \/>\n<meta property=\"og:title\" content=\"nyheter365 f\u00e5r ny ledning\" \/>\n<meta property=\"og:url\" content=\"https:\/\/n365group.com\/no\/svenska-nyheter\/nyheter365-far-ny-ledning\/\" \/>\n<meta property=\"og:site_name\" content=\"N365 Group\" \/>\n<meta property=\"article:publisher\" content=\"https:\/\/www.facebook.com\/n365group\/\" \/>\n<meta property=\"article:published_time\" content=\"2019-01-23T13:57:26+00:00\" \/>\n<meta property=\"article:modified_time\" content=\"2019-02-15T14:30:50+00:00\" \/>\n<meta property=\"og:image\" content=\"https:\/\/n365group.com\/wp-content\/uploads\/2019\/02\/Jonna-och-Chrile-1024x538.jpg\" \/>\n\t<meta property=\"og:image:width\" content=\"1024\" \/>\n\t<meta property=\"og:image:height\" content=\"538\" \/>\n\t<meta property=\"og:image:type\" content=\"image\/jpeg\" \/>\n<meta name=\"author\" content=\"N365 Group\" \/>\n<meta name=\"twitter:card\" content=\"summary_large_image\" \/>\n<script type=\"application\/ld+json\" class=\"yoast-schema-graph\">{\"@context\":\"https:\\\/\\\/schema.org\",\"@graph\":[{\"@type\":\"Article\",\"@id\":\"https:\\\/\\\/n365group.com\\\/fi\\\/svenska-nyheter\\\/nyheter365-far-ny-ledning\\\/#article\",\"isPartOf\":{\"@id\":\"https:\\\/\\\/n365group.com\\\/fi\\\/svenska-nyheter\\\/nyheter365-far-ny-ledning\\\/\"},\"author\":{\"name\":\"N365 Group\",\"@id\":\"https:\\\/\\\/n365group.com\\\/#\\\/schema\\\/person\\\/0e34f52beda7acfaebe3e5df55c217d1\"},\"headline\":\"nyheter365 f\u00e5r ny ledning\",\"datePublished\":\"2019-01-23T13:57:26+00:00\",\"dateModified\":\"2019-02-15T14:30:50+00:00\",\"mainEntityOfPage\":{\"@id\":\"https:\\\/\\\/n365group.com\\\/fi\\\/svenska-nyheter\\\/nyheter365-far-ny-ledning\\\/\"},\"wordCount\":455,\"image\":{\"@id\":\"https:\\\/\\\/n365group.com\\\/fi\\\/svenska-nyheter\\\/nyheter365-far-ny-ledning\\\/#primaryimage\"},\"thumbnailUrl\":\"https:\\\/\\\/n365group.com\\\/wp-content\\\/uploads\\\/2019\\\/02\\\/Jonna-och-Chrile-1024x538.jpg\",\"articleSection\":[\"Nyheter\"],\"inLanguage\":\"nb-NO\"},{\"@type\":\"WebPage\",\"@id\":\"https:\\\/\\\/n365group.com\\\/fi\\\/svenska-nyheter\\\/nyheter365-far-ny-ledning\\\/\",\"url\":\"https:\\\/\\\/n365group.com\\\/fi\\\/svenska-nyheter\\\/nyheter365-far-ny-ledning\\\/\",\"name\":\"nyheter365 f\u00e5r ny ledning - N365 Group\",\"isPartOf\":{\"@id\":\"https:\\\/\\\/n365group.com\\\/#website\"},\"primaryImageOfPage\":{\"@id\":\"https:\\\/\\\/n365group.com\\\/fi\\\/svenska-nyheter\\\/nyheter365-far-ny-ledning\\\/#primaryimage\"},\"image\":{\"@id\":\"https:\\\/\\\/n365group.com\\\/fi\\\/svenska-nyheter\\\/nyheter365-far-ny-ledning\\\/#primaryimage\"},\"thumbnailUrl\":\"https:\\\/\\\/n365group.com\\\/wp-content\\\/uploads\\\/2019\\\/02\\\/Jonna-och-Chrile-1024x538.jpg\",\"datePublished\":\"2019-01-23T13:57:26+00:00\",\"dateModified\":\"2019-02-15T14:30:50+00:00\",\"author\":{\"@id\":\"https:\\\/\\\/n365group.com\\\/#\\\/schema\\\/person\\\/0e34f52beda7acfaebe3e5df55c217d1\"},\"inLanguage\":\"nb-NO\",\"potentialAction\":[{\"@type\":\"ReadAction\",\"target\":[\"https:\\\/\\\/n365group.com\\\/fi\\\/svenska-nyheter\\\/nyheter365-far-ny-ledning\\\/\"]}]},{\"@type\":\"ImageObject\",\"inLanguage\":\"nb-NO\",\"@id\":\"https:\\\/\\\/n365group.com\\\/fi\\\/svenska-nyheter\\\/nyheter365-far-ny-ledning\\\/#primaryimage\",\"url\":\"https:\\\/\\\/n365group.com\\\/wp-content\\\/uploads\\\/2019\\\/02\\\/Jonna-och-Chrile-1024x538.jpg\",\"contentUrl\":\"https:\\\/\\\/n365group.com\\\/wp-content\\\/uploads\\\/2019\\\/02\\\/Jonna-och-Chrile-1024x538.jpg\",\"width\":1024,\"height\":538,\"caption\":\"Christian Str\u00f6m och Jonna S\u00e4ll Klintberg\"},{\"@type\":\"WebSite\",\"@id\":\"https:\\\/\\\/n365group.com\\\/#website\",\"url\":\"https:\\\/\\\/n365group.com\\\/\",\"name\":\"N365 Group\",\"description\":\"\",\"potentialAction\":[{\"@type\":\"SearchAction\",\"target\":{\"@type\":\"EntryPoint\",\"urlTemplate\":\"https:\\\/\\\/n365group.com\\\/?s={search_term_string}\"},\"query-input\":{\"@type\":\"PropertyValueSpecification\",\"valueRequired\":true,\"valueName\":\"search_term_string\"}}],\"inLanguage\":\"nb-NO\"},{\"@type\":\"Person\",\"@id\":\"https:\\\/\\\/n365group.com\\\/#\\\/schema\\\/person\\\/0e34f52beda7acfaebe3e5df55c217d1\",\"name\":\"N365 Group\",\"image\":{\"@type\":\"ImageObject\",\"inLanguage\":\"nb-NO\",\"@id\":\"https:\\\/\\\/secure.gravatar.com\\\/avatar\\\/f1a4e17961cdc2a1b35055749dc22b6957009320f6a89502303cab3060ceaf08?s=96&d=mm&r=g\",\"url\":\"https:\\\/\\\/secure.gravatar.com\\\/avatar\\\/f1a4e17961cdc2a1b35055749dc22b6957009320f6a89502303cab3060ceaf08?s=96&d=mm&r=g\",\"contentUrl\":\"https:\\\/\\\/secure.gravatar.com\\\/avatar\\\/f1a4e17961cdc2a1b35055749dc22b6957009320f6a89502303cab3060ceaf08?s=96&d=mm&r=g\",\"caption\":\"N365 Group\"},\"url\":\"https:\\\/\\\/n365group.com\\\/no\\\/author\\\/n365-group\\\/\"}]}<\/script>\n<!-- \/ Yoast SEO Premium plugin. -->","yoast_head_json":{"title":"nyheter365 f\u00e5r ny ledning - N365 Group","robots":{"index":"index","follow":"follow","max-snippet":"max-snippet:-1","max-image-preview":"max-image-preview:large","max-video-preview":"max-video-preview:-1"},"canonical":"https:\/\/n365group.com\/no\/svenska-nyheter\/nyheter365-far-ny-ledning\/","og_locale":"nb_NO","og_type":"article","og_title":"nyheter365 f\u00e5r ny ledning","og_url":"https:\/\/n365group.com\/no\/svenska-nyheter\/nyheter365-far-ny-ledning\/","og_site_name":"N365 Group","article_publisher":"https:\/\/www.facebook.com\/n365group\/","article_published_time":"2019-01-23T13:57:26+00:00","article_modified_time":"2019-02-15T14:30:50+00:00","og_image":[{"width":1024,"height":538,"url":"https:\/\/n365group.com\/wp-content\/uploads\/2019\/02\/Jonna-och-Chrile-1024x538.jpg","type":"image\/jpeg"}],"author":"N365 Group","twitter_card":"summary_large_image","schema":{"@context":"https:\/\/schema.org","@graph":[{"@type":"Article","@id":"https:\/\/n365group.com\/fi\/svenska-nyheter\/nyheter365-far-ny-ledning\/#article","isPartOf":{"@id":"https:\/\/n365group.com\/fi\/svenska-nyheter\/nyheter365-far-ny-ledning\/"},"author":{"name":"N365 Group","@id":"https:\/\/n365group.com\/#\/schema\/person\/0e34f52beda7acfaebe3e5df55c217d1"},"headline":"nyheter365 f\u00e5r ny ledning","datePublished":"2019-01-23T13:57:26+00:00","dateModified":"2019-02-15T14:30:50+00:00","mainEntityOfPage":{"@id":"https:\/\/n365group.com\/fi\/svenska-nyheter\/nyheter365-far-ny-ledning\/"},"wordCount":455,"image":{"@id":"https:\/\/n365group.com\/fi\/svenska-nyheter\/nyheter365-far-ny-ledning\/#primaryimage"},"thumbnailUrl":"https:\/\/n365group.com\/wp-content\/uploads\/2019\/02\/Jonna-och-Chrile-1024x538.jpg","articleSection":["Nyheter"],"inLanguage":"nb-NO"},{"@type":"WebPage","@id":"https:\/\/n365group.com\/fi\/svenska-nyheter\/nyheter365-far-ny-ledning\/","url":"https:\/\/n365group.com\/fi\/svenska-nyheter\/nyheter365-far-ny-ledning\/","name":"nyheter365 f\u00e5r ny ledning - N365 Group","isPartOf":{"@id":"https:\/\/n365group.com\/#website"},"primaryImageOfPage":{"@id":"https:\/\/n365group.com\/fi\/svenska-nyheter\/nyheter365-far-ny-ledning\/#primaryimage"},"image":{"@id":"https:\/\/n365group.com\/fi\/svenska-nyheter\/nyheter365-far-ny-ledning\/#primaryimage"},"thumbnailUrl":"https:\/\/n365group.com\/wp-content\/uploads\/2019\/02\/Jonna-och-Chrile-1024x538.jpg","datePublished":"2019-01-23T13:57:26+00:00","dateModified":"2019-02-15T14:30:50+00:00","author":{"@id":"https:\/\/n365group.com\/#\/schema\/person\/0e34f52beda7acfaebe3e5df55c217d1"},"inLanguage":"nb-NO","potentialAction":[{"@type":"ReadAction","target":["https:\/\/n365group.com\/fi\/svenska-nyheter\/nyheter365-far-ny-ledning\/"]}]},{"@type":"ImageObject","inLanguage":"nb-NO","@id":"https:\/\/n365group.com\/fi\/svenska-nyheter\/nyheter365-far-ny-ledning\/#primaryimage","url":"https:\/\/n365group.com\/wp-content\/uploads\/2019\/02\/Jonna-och-Chrile-1024x538.jpg","contentUrl":"https:\/\/n365group.com\/wp-content\/uploads\/2019\/02\/Jonna-och-Chrile-1024x538.jpg","width":1024,"height":538,"caption":"Christian Str\u00f6m och Jonna S\u00e4ll Klintberg"},{"@type":"WebSite","@id":"https:\/\/n365group.com\/#website","url":"https:\/\/n365group.com\/","name":"N365 Group","description":"","potentialAction":[{"@type":"SearchAction","target":{"@type":"EntryPoint","urlTemplate":"https:\/\/n365group.com\/?s={search_term_string}"},"query-input":{"@type":"PropertyValueSpecification","valueRequired":true,"valueName":"search_term_string"}}],"inLanguage":"nb-NO"},{"@type":"Person","@id":"https:\/\/n365group.com\/#\/schema\/person\/0e34f52beda7acfaebe3e5df55c217d1","name":"N365 Group","image":{"@type":"ImageObject","inLanguage":"nb-NO","@id":"https:\/\/secure.gravatar.com\/avatar\/f1a4e17961cdc2a1b35055749dc22b6957009320f6a89502303cab3060ceaf08?s=96&d=mm&r=g","url":"https:\/\/secure.gravatar.com\/avatar\/f1a4e17961cdc2a1b35055749dc22b6957009320f6a89502303cab3060ceaf08?s=96&d=mm&r=g","contentUrl":"https:\/\/secure.gravatar.com\/avatar\/f1a4e17961cdc2a1b35055749dc22b6957009320f6a89502303cab3060ceaf08?s=96&d=mm&r=g","caption":"N365 Group"},"url":"https:\/\/n365group.com\/no\/author\/n365-group\/"}]}},"_links":{"self":[{"href":"https:\/\/n365group.com\/no\/wp-json\/wp\/v2\/posts\/6984","targetHints":{"allow":["GET"]}}],"collection":[{"href":"https:\/\/n365group.com\/no\/wp-json\/wp\/v2\/posts"}],"about":[{"href":"https:\/\/n365group.com\/no\/wp-json\/wp\/v2\/types\/post"}],"author":[{"embeddable":true,"href":"https:\/\/n365group.com\/no\/wp-json\/wp\/v2\/users\/18"}],"replies":[{"embeddable":true,"href":"https:\/\/n365group.com\/no\/wp-json\/wp\/v2\/comments?post=6984"}],"version-history":[{"count":3,"href":"https:\/\/n365group.com\/no\/wp-json\/wp\/v2\/posts\/6984\/revisions"}],"predecessor-version":[{"id":6988,"href":"https:\/\/n365group.com\/no\/wp-json\/wp\/v2\/posts\/6984\/revisions\/6988"}],"wp:featuredmedia":[{"embeddable":true,"href":"https:\/\/n365group.com\/no\/wp-json\/wp\/v2\/media\/6985"}],"wp:attachment":[{"href":"https:\/\/n365group.com\/no\/wp-json\/wp\/v2\/media?parent=6984"}],"wp:term":[{"taxonomy":"category","embeddable":true,"href":"https:\/\/n365group.com\/no\/wp-json\/wp\/v2\/categories?post=6984"},{"taxonomy":"post_tag","embeddable":true,"href":"https:\/\/n365group.com\/no\/wp-json\/wp\/v2\/tags?post=6984"}],"curies":[{"name":"wp","href":"https:\/\/api.w.org\/{rel}","templated":true}]}}